{"id":1083,"date":"2026-04-14T10:04:04","date_gmt":"2026-04-14T08:04:04","guid":{"rendered":"https:\/\/profilewear.se\/blogg\/?p=1083"},"modified":"2026-04-14T10:04:06","modified_gmt":"2026-04-14T08:04:06","slug":"dags-att-ta-ert-varumarke-till-nasta-niva","status":"publish","type":"post","link":"https:\/\/profilewear.se\/blogg\/dags-att-ta-ert-varumarke-till-nasta-niva\/","title":{"rendered":"DAGS ATT TA ERT VARUM\u00c4RKE TILL N\u00c4STA NIV\u00c5?"},"content":{"rendered":"\n<p>Vi hj\u00e4lper er hela v\u00e4gen. Ta kontakt med oss via v\u00e5r hemsida, s\u00e5 b\u00f6rjar vi d\u00e4r!<\/p>\n\n\n\n<figure class=\"wp-block-image size-large\"><img loading=\"lazy\" decoding=\"async\" width=\"683\" height=\"1024\" src=\"https:\/\/profilewear.se\/blogg\/wp-content\/uploads\/2026\/04\/Profilklader-fran-Profilewear.se-i-fokus-2-683x1024.png\" alt=\"\" class=\"wp-image-1084\" srcset=\"https:\/\/profilewear.se\/blogg\/wp-content\/uploads\/2026\/04\/Profilklader-fran-Profilewear.se-i-fokus-2-683x1024.png 683w, https:\/\/profilewear.se\/blogg\/wp-content\/uploads\/2026\/04\/Profilklader-fran-Profilewear.se-i-fokus-2-200x300.png 200w, https:\/\/profilewear.se\/blogg\/wp-content\/uploads\/2026\/04\/Profilklader-fran-Profilewear.se-i-fokus-2-768x1152.png 768w, https:\/\/profilewear.se\/blogg\/wp-content\/uploads\/2026\/04\/Profilklader-fran-Profilewear.se-i-fokus-2-1024x1536.png 1024w, https:\/\/profilewear.se\/blogg\/wp-content\/uploads\/2026\/04\/Profilklader-fran-Profilewear.se-i-fokus-2-1365x2048.png 1365w, https:\/\/profilewear.se\/blogg\/wp-content\/uploads\/2026\/04\/Profilklader-fran-Profilewear.se-i-fokus-2-scaled.png 1707w\" sizes=\"auto, (max-width: 683px) 100vw, 683px\" \/><\/figure>\n","protected":false},"excerpt":{"rendered":"<p>Vi hj\u00e4lper er hela v\u00e4gen. Ta kontakt med oss via v\u00e5r hemsida, s\u00e5 b\u00f6rjar vi d\u00e4r!<\/p>\n","protected":false},"author":1,"featured_media":1084,"comment_status":"open","ping_status":"open","sticky":false,"template":"","format":"standard","meta":{"footnotes":""},"categories":[4,21],"tags":[34,36,41,39,40],"class_list":["post-1083","post","type-post","status-publish","format-standard","has-post-thumbnail","hentry","category-allmant","category-marknadsforing","tag-egendesign","tag-egettryck","tag-profilklader","tag-teamkansla","tag-varumarke"],"yoast_head":"<!-- This site is optimized with the Yoast SEO plugin v27.2 - https:\/\/yoast.com\/product\/yoast-seo-wordpress\/ -->\n<title>DAGS ATT TA ERT VARUM\u00c4RKE TILL N\u00c4STA NIV\u00c5? - Allt om tryck p\u00e5 kl\u00e4der [Profilewear.se]<\/title>\n<meta name=\"robots\" content=\"index, follow, max-snippet:-1, max-image-preview:large, max-video-preview:-1\" \/>\n<link rel=\"canonical\" href=\"https:\/\/profilewear.se\/blogg\/dags-att-ta-ert-varumarke-till-nasta-niva\/\" \/>\n<meta property=\"og:locale\" content=\"sv_SE\" \/>\n<meta property=\"og:type\" content=\"article\" \/>\n<meta property=\"og:title\" content=\"DAGS ATT TA ERT VARUM\u00c4RKE TILL N\u00c4STA NIV\u00c5? - Allt om tryck p\u00e5 kl\u00e4der [Profilewear.se]\" \/>\n<meta property=\"og:description\" content=\"Vi hj\u00e4lper er hela v\u00e4gen. Ta kontakt med oss via v\u00e5r hemsida, s\u00e5 b\u00f6rjar vi d\u00e4r!\" \/>\n<meta property=\"og:url\" content=\"https:\/\/profilewear.se\/blogg\/dags-att-ta-ert-varumarke-till-nasta-niva\/\" \/>\n<meta property=\"og:site_name\" content=\"Allt om tryck p\u00e5 kl\u00e4der [Profilewear.se]\" \/>\n<meta property=\"article:published_time\" content=\"2026-04-14T08:04:04+00:00\" \/>\n<meta property=\"article:modified_time\" content=\"2026-04-14T08:04:06+00:00\" \/>\n<meta property=\"og:image\" content=\"https:\/\/profilewear.se\/blogg\/wp-content\/uploads\/2026\/04\/Profilklader-fran-Profilewear.se-i-fokus-2-683x1024.png\" \/>\n\t<meta property=\"og:image:width\" content=\"683\" \/>\n\t<meta property=\"og:image:height\" content=\"1024\" \/>\n\t<meta property=\"og:image:type\" content=\"image\/png\" \/>\n<meta name=\"author\" content=\"profilewear\" \/>\n<meta name=\"twitter:card\" content=\"summary_large_image\" \/>\n<meta name=\"twitter:label1\" content=\"Written by\" \/>\n\t<meta name=\"twitter:data1\" content=\"profilewear\" \/>\n\t<meta name=\"twitter:label2\" content=\"Est. reading time\" \/>\n\t<meta name=\"twitter:data2\" content=\"1 minut\" \/>\n<script type=\"application\/ld+json\" class=\"yoast-schema-graph\">{\"@context\":\"https:\/\/schema.org\",\"@graph\":[{\"@type\":\"Article\",\"@id\":\"https:\/\/profilewear.se\/blogg\/dags-att-ta-ert-varumarke-till-nasta-niva\/#article\",\"isPartOf\":{\"@id\":\"https:\/\/profilewear.se\/blogg\/dags-att-ta-ert-varumarke-till-nasta-niva\/\"},\"author\":{\"name\":\"profilewear\",\"@id\":\"https:\/\/profilewear.se\/blogg\/#\/schema\/person\/2eb5c219c97cbdbe583dc5040688899b\"},\"headline\":\"DAGS ATT TA ERT VARUM\u00c4RKE TILL N\u00c4STA NIV\u00c5?\",\"datePublished\":\"2026-04-14T08:04:04+00:00\",\"dateModified\":\"2026-04-14T08:04:06+00:00\",\"mainEntityOfPage\":{\"@id\":\"https:\/\/profilewear.se\/blogg\/dags-att-ta-ert-varumarke-till-nasta-niva\/\"},\"wordCount\":31,\"commentCount\":0,\"image\":{\"@id\":\"https:\/\/profilewear.se\/blogg\/dags-att-ta-ert-varumarke-till-nasta-niva\/#primaryimage\"},\"thumbnailUrl\":\"https:\/\/profilewear.se\/blogg\/wp-content\/uploads\/2026\/04\/Profilklader-fran-Profilewear.se-i-fokus-2-scaled.png\",\"keywords\":[\"egendesign\",\"egettryck\",\"profilkl\u00e4der\",\"teamk\u00e4nsla\",\"varum\u00e4rke\"],\"articleSection\":[\"Allm\u00e4nt\",\"Marknadsf\u00f6ring\"],\"inLanguage\":\"sv-SE\",\"potentialAction\":[{\"@type\":\"CommentAction\",\"name\":\"Comment\",\"target\":[\"https:\/\/profilewear.se\/blogg\/dags-att-ta-ert-varumarke-till-nasta-niva\/#respond\"]}]},{\"@type\":\"WebPage\",\"@id\":\"https:\/\/profilewear.se\/blogg\/dags-att-ta-ert-varumarke-till-nasta-niva\/\",\"url\":\"https:\/\/profilewear.se\/blogg\/dags-att-ta-ert-varumarke-till-nasta-niva\/\",\"name\":\"DAGS ATT TA ERT VARUM\u00c4RKE TILL N\u00c4STA NIV\u00c5? - Allt om tryck p\u00e5 kl\u00e4der [Profilewear.se]\",\"isPartOf\":{\"@id\":\"https:\/\/profilewear.se\/blogg\/#website\"},\"primaryImageOfPage\":{\"@id\":\"https:\/\/profilewear.se\/blogg\/dags-att-ta-ert-varumarke-till-nasta-niva\/#primaryimage\"},\"image\":{\"@id\":\"https:\/\/profilewear.se\/blogg\/dags-att-ta-ert-varumarke-till-nasta-niva\/#primaryimage\"},\"thumbnailUrl\":\"https:\/\/profilewear.se\/blogg\/wp-content\/uploads\/2026\/04\/Profilklader-fran-Profilewear.se-i-fokus-2-scaled.png\",\"datePublished\":\"2026-04-14T08:04:04+00:00\",\"dateModified\":\"2026-04-14T08:04:06+00:00\",\"author\":{\"@id\":\"https:\/\/profilewear.se\/blogg\/#\/schema\/person\/2eb5c219c97cbdbe583dc5040688899b\"},\"breadcrumb\":{\"@id\":\"https:\/\/profilewear.se\/blogg\/dags-att-ta-ert-varumarke-till-nasta-niva\/#breadcrumb\"},\"inLanguage\":\"sv-SE\",\"potentialAction\":[{\"@type\":\"ReadAction\",\"target\":[\"https:\/\/profilewear.se\/blogg\/dags-att-ta-ert-varumarke-till-nasta-niva\/\"]}]},{\"@type\":\"ImageObject\",\"inLanguage\":\"sv-SE\",\"@id\":\"https:\/\/profilewear.se\/blogg\/dags-att-ta-ert-varumarke-till-nasta-niva\/#primaryimage\",\"url\":\"https:\/\/profilewear.se\/blogg\/wp-content\/uploads\/2026\/04\/Profilklader-fran-Profilewear.se-i-fokus-2-scaled.png\",\"contentUrl\":\"https:\/\/profilewear.se\/blogg\/wp-content\/uploads\/2026\/04\/Profilklader-fran-Profilewear.se-i-fokus-2-scaled.png\",\"width\":1707,\"height\":2560},{\"@type\":\"BreadcrumbList\",\"@id\":\"https:\/\/profilewear.se\/blogg\/dags-att-ta-ert-varumarke-till-nasta-niva\/#breadcrumb\",\"itemListElement\":[{\"@type\":\"ListItem\",\"position\":1,\"name\":\"Hem\",\"item\":\"https:\/\/profilewear.se\/blogg\/\"},{\"@type\":\"ListItem\",\"position\":2,\"name\":\"DAGS ATT TA ERT VARUM\u00c4RKE TILL N\u00c4STA NIV\u00c5?\"}]},{\"@type\":\"WebSite\",\"@id\":\"https:\/\/profilewear.se\/blogg\/#website\",\"url\":\"https:\/\/profilewear.se\/blogg\/\",\"name\":\"Allt om tryck p\u00e5 kl\u00e4der [Profilewear.se]\",\"description\":\"\",\"potentialAction\":[{\"@type\":\"SearchAction\",\"target\":{\"@type\":\"EntryPoint\",\"urlTemplate\":\"https:\/\/profilewear.se\/blogg\/?s={search_term_string}\"},\"query-input\":{\"@type\":\"PropertyValueSpecification\",\"valueRequired\":true,\"valueName\":\"search_term_string\"}}],\"inLanguage\":\"sv-SE\"},{\"@type\":\"Person\",\"@id\":\"https:\/\/profilewear.se\/blogg\/#\/schema\/person\/2eb5c219c97cbdbe583dc5040688899b\",\"name\":\"profilewear\",\"image\":{\"@type\":\"ImageObject\",\"inLanguage\":\"sv-SE\",\"@id\":\"https:\/\/secure.gravatar.com\/avatar\/450f639694278a1009520c76f4021704820b64589e7dd8d4fd9b4b594d1a0953?s=96&d=mm&r=g\",\"url\":\"https:\/\/secure.gravatar.com\/avatar\/450f639694278a1009520c76f4021704820b64589e7dd8d4fd9b4b594d1a0953?s=96&d=mm&r=g\",\"contentUrl\":\"https:\/\/secure.gravatar.com\/avatar\/450f639694278a1009520c76f4021704820b64589e7dd8d4fd9b4b594d1a0953?s=96&d=mm&r=g\",\"caption\":\"profilewear\"},\"url\":\"https:\/\/profilewear.se\/blogg\/author\/profilewear\/\"}]}<\/script>\n<!-- \/ Yoast SEO plugin. -->","yoast_head_json":{"title":"DAGS ATT TA ERT VARUM\u00c4RKE TILL N\u00c4STA NIV\u00c5? - Allt om tryck p\u00e5 kl\u00e4der [Profilewear.se]","robots":{"index":"index","follow":"follow","max-snippet":"max-snippet:-1","max-image-preview":"max-image-preview:large","max-video-preview":"max-video-preview:-1"},"canonical":"https:\/\/profilewear.se\/blogg\/dags-att-ta-ert-varumarke-till-nasta-niva\/","og_locale":"sv_SE","og_type":"article","og_title":"DAGS ATT TA ERT VARUM\u00c4RKE TILL N\u00c4STA NIV\u00c5? - Allt om tryck p\u00e5 kl\u00e4der [Profilewear.se]","og_description":"Vi hj\u00e4lper er hela v\u00e4gen. Ta kontakt med oss via v\u00e5r hemsida, s\u00e5 b\u00f6rjar vi d\u00e4r!","og_url":"https:\/\/profilewear.se\/blogg\/dags-att-ta-ert-varumarke-till-nasta-niva\/","og_site_name":"Allt om tryck p\u00e5 kl\u00e4der [Profilewear.se]","article_published_time":"2026-04-14T08:04:04+00:00","article_modified_time":"2026-04-14T08:04:06+00:00","og_image":[{"width":683,"height":1024,"url":"https:\/\/profilewear.se\/blogg\/wp-content\/uploads\/2026\/04\/Profilklader-fran-Profilewear.se-i-fokus-2-683x1024.png","type":"image\/png"}],"author":"profilewear","twitter_card":"summary_large_image","twitter_misc":{"Written by":"profilewear","Est. reading time":"1 minut"},"schema":{"@context":"https:\/\/schema.org","@graph":[{"@type":"Article","@id":"https:\/\/profilewear.se\/blogg\/dags-att-ta-ert-varumarke-till-nasta-niva\/#article","isPartOf":{"@id":"https:\/\/profilewear.se\/blogg\/dags-att-ta-ert-varumarke-till-nasta-niva\/"},"author":{"name":"profilewear","@id":"https:\/\/profilewear.se\/blogg\/#\/schema\/person\/2eb5c219c97cbdbe583dc5040688899b"},"headline":"DAGS ATT TA ERT VARUM\u00c4RKE TILL N\u00c4STA NIV\u00c5?","datePublished":"2026-04-14T08:04:04+00:00","dateModified":"2026-04-14T08:04:06+00:00","mainEntityOfPage":{"@id":"https:\/\/profilewear.se\/blogg\/dags-att-ta-ert-varumarke-till-nasta-niva\/"},"wordCount":31,"commentCount":0,"image":{"@id":"https:\/\/profilewear.se\/blogg\/dags-att-ta-ert-varumarke-till-nasta-niva\/#primaryimage"},"thumbnailUrl":"https:\/\/profilewear.se\/blogg\/wp-content\/uploads\/2026\/04\/Profilklader-fran-Profilewear.se-i-fokus-2-scaled.png","keywords":["egendesign","egettryck","profilkl\u00e4der","teamk\u00e4nsla","varum\u00e4rke"],"articleSection":["Allm\u00e4nt","Marknadsf\u00f6ring"],"inLanguage":"sv-SE","potentialAction":[{"@type":"CommentAction","name":"Comment","target":["https:\/\/profilewear.se\/blogg\/dags-att-ta-ert-varumarke-till-nasta-niva\/#respond"]}]},{"@type":"WebPage","@id":"https:\/\/profilewear.se\/blogg\/dags-att-ta-ert-varumarke-till-nasta-niva\/","url":"https:\/\/profilewear.se\/blogg\/dags-att-ta-ert-varumarke-till-nasta-niva\/","name":"DAGS ATT TA ERT VARUM\u00c4RKE TILL N\u00c4STA NIV\u00c5? - Allt om tryck p\u00e5 kl\u00e4der [Profilewear.se]","isPartOf":{"@id":"https:\/\/profilewear.se\/blogg\/#website"},"primaryImageOfPage":{"@id":"https:\/\/profilewear.se\/blogg\/dags-att-ta-ert-varumarke-till-nasta-niva\/#primaryimage"},"image":{"@id":"https:\/\/profilewear.se\/blogg\/dags-att-ta-ert-varumarke-till-nasta-niva\/#primaryimage"},"thumbnailUrl":"https:\/\/profilewear.se\/blogg\/wp-content\/uploads\/2026\/04\/Profilklader-fran-Profilewear.se-i-fokus-2-scaled.png","datePublished":"2026-04-14T08:04:04+00:00","dateModified":"2026-04-14T08:04:06+00:00","author":{"@id":"https:\/\/profilewear.se\/blogg\/#\/schema\/person\/2eb5c219c97cbdbe583dc5040688899b"},"breadcrumb":{"@id":"https:\/\/profilewear.se\/blogg\/dags-att-ta-ert-varumarke-till-nasta-niva\/#breadcrumb"},"inLanguage":"sv-SE","potentialAction":[{"@type":"ReadAction","target":["https:\/\/profilewear.se\/blogg\/dags-att-ta-ert-varumarke-till-nasta-niva\/"]}]},{"@type":"ImageObject","inLanguage":"sv-SE","@id":"https:\/\/profilewear.se\/blogg\/dags-att-ta-ert-varumarke-till-nasta-niva\/#primaryimage","url":"https:\/\/profilewear.se\/blogg\/wp-content\/uploads\/2026\/04\/Profilklader-fran-Profilewear.se-i-fokus-2-scaled.png","contentUrl":"https:\/\/profilewear.se\/blogg\/wp-content\/uploads\/2026\/04\/Profilklader-fran-Profilewear.se-i-fokus-2-scaled.png","width":1707,"height":2560},{"@type":"BreadcrumbList","@id":"https:\/\/profilewear.se\/blogg\/dags-att-ta-ert-varumarke-till-nasta-niva\/#breadcrumb","itemListElement":[{"@type":"ListItem","position":1,"name":"Hem","item":"https:\/\/profilewear.se\/blogg\/"},{"@type":"ListItem","position":2,"name":"DAGS ATT TA ERT VARUM\u00c4RKE TILL N\u00c4STA NIV\u00c5?"}]},{"@type":"WebSite","@id":"https:\/\/profilewear.se\/blogg\/#website","url":"https:\/\/profilewear.se\/blogg\/","name":"Allt om tryck p\u00e5 kl\u00e4der [Profilewear.se]","description":"","potentialAction":[{"@type":"SearchAction","target":{"@type":"EntryPoint","urlTemplate":"https:\/\/profilewear.se\/blogg\/?s={search_term_string}"},"query-input":{"@type":"PropertyValueSpecification","valueRequired":true,"valueName":"search_term_string"}}],"inLanguage":"sv-SE"},{"@type":"Person","@id":"https:\/\/profilewear.se\/blogg\/#\/schema\/person\/2eb5c219c97cbdbe583dc5040688899b","name":"profilewear","image":{"@type":"ImageObject","inLanguage":"sv-SE","@id":"https:\/\/secure.gravatar.com\/avatar\/450f639694278a1009520c76f4021704820b64589e7dd8d4fd9b4b594d1a0953?s=96&d=mm&r=g","url":"https:\/\/secure.gravatar.com\/avatar\/450f639694278a1009520c76f4021704820b64589e7dd8d4fd9b4b594d1a0953?s=96&d=mm&r=g","contentUrl":"https:\/\/secure.gravatar.com\/avatar\/450f639694278a1009520c76f4021704820b64589e7dd8d4fd9b4b594d1a0953?s=96&d=mm&r=g","caption":"profilewear"},"url":"https:\/\/profilewear.se\/blogg\/author\/profilewear\/"}]}},"_links":{"self":[{"href":"https:\/\/profilewear.se\/blogg\/wp-json\/wp\/v2\/posts\/1083","targetHints":{"allow":["GET"]}}],"collection":[{"href":"https:\/\/profilewear.se\/blogg\/wp-json\/wp\/v2\/posts"}],"about":[{"href":"https:\/\/profilewear.se\/blogg\/wp-json\/wp\/v2\/types\/post"}],"author":[{"embeddable":true,"href":"https:\/\/profilewear.se\/blogg\/wp-json\/wp\/v2\/users\/1"}],"replies":[{"embeddable":true,"href":"https:\/\/profilewear.se\/blogg\/wp-json\/wp\/v2\/comments?post=1083"}],"version-history":[{"count":1,"href":"https:\/\/profilewear.se\/blogg\/wp-json\/wp\/v2\/posts\/1083\/revisions"}],"predecessor-version":[{"id":1085,"href":"https:\/\/profilewear.se\/blogg\/wp-json\/wp\/v2\/posts\/1083\/revisions\/1085"}],"wp:featuredmedia":[{"embeddable":true,"href":"https:\/\/profilewear.se\/blogg\/wp-json\/wp\/v2\/media\/1084"}],"wp:attachment":[{"href":"https:\/\/profilewear.se\/blogg\/wp-json\/wp\/v2\/media?parent=1083"}],"wp:term":[{"taxonomy":"category","embeddable":true,"href":"https:\/\/profilewear.se\/blogg\/wp-json\/wp\/v2\/categories?post=1083"},{"taxonomy":"post_tag","embeddable":true,"href":"https:\/\/profilewear.se\/blogg\/wp-json\/wp\/v2\/tags?post=1083"}],"curies":[{"name":"wp","href":"https:\/\/api.w.org\/{rel}","templated":true}]}}