{"id":997,"date":"2025-10-24T09:57:55","date_gmt":"2025-10-24T07:57:55","guid":{"rendered":"https:\/\/profilewear.se\/blogg\/?p=997"},"modified":"2026-03-31T08:58:23","modified_gmt":"2026-03-31T06:58:23","slug":"julklappar","status":"publish","type":"post","link":"https:\/\/profilewear.se\/blogg\/julklappar\/","title":{"rendered":"JULKLAPPAR"},"content":{"rendered":"\n<p>Snart \u00e4r det Jul! N\u00e5v\u00e4l om tv\u00e5 m\u00e5nader f\u00f6r att vara mer exakt men tiden g\u00e5r snabbt. Har ni funderingar p\u00e5 julklappar till era anst\u00e4llda? Vi har produkter att trycka p\u00e5. Kika in p\u00e5 v\u00e5r hemsida under profilprodukter och g\u00f6r er best\u00e4llning i tid.<\/p>\n\n\n\n<p>L\u00e4nken finner ni h\u00e4r;<\/p>\n\n\n\n<p><a href=\"https:\/\/profilewear.se\/profilprodukter\">https:\/\/profilewear.se\/profilprodukter<\/a><\/p>\n\n\n\n<figure class=\"wp-block-gallery has-nested-images columns-default is-cropped wp-block-gallery-1 is-layout-flex wp-block-gallery-is-layout-flex\">\n<figure class=\"wp-block-image size-large\"><img loading=\"lazy\" decoding=\"async\" width=\"612\" height=\"408\" data-id=\"998\" src=\"https:\/\/profilewear.se\/blogg\/wp-content\/uploads\/2025\/10\/julklapp-personal2-1.jpg\" alt=\"\" class=\"wp-image-998\" srcset=\"https:\/\/profilewear.se\/blogg\/wp-content\/uploads\/2025\/10\/julklapp-personal2-1.jpg 612w, https:\/\/profilewear.se\/blogg\/wp-content\/uploads\/2025\/10\/julklapp-personal2-1-300x200.jpg 300w\" sizes=\"auto, (max-width: 612px) 100vw, 612px\" \/><\/figure>\n<\/figure>\n","protected":false},"excerpt":{"rendered":"<p>Snart \u00e4r det Jul! N\u00e5v\u00e4l om tv\u00e5 m\u00e5nader f\u00f6r att vara mer exakt men tiden g\u00e5r snabbt. Har ni funderingar p\u00e5 julklappar till era anst\u00e4llda?&hellip;<\/p>\n","protected":false},"author":1,"featured_media":998,"comment_status":"open","ping_status":"open","sticky":false,"template":"","format":"standard","meta":{"footnotes":""},"categories":[4],"tags":[34,36,37],"class_list":["post-997","post","type-post","status-publish","format-standard","has-post-thumbnail","hentry","category-allmant","tag-egendesign","tag-egettryck","tag-julklapp"],"yoast_head":"<!-- This site is optimized with the Yoast SEO plugin v27.2 - https:\/\/yoast.com\/product\/yoast-seo-wordpress\/ -->\n<title>JULKLAPPAR - Profilewear<\/title>\n<meta name=\"robots\" content=\"index, follow, max-snippet:-1, max-image-preview:large, max-video-preview:-1\" \/>\n<link rel=\"canonical\" href=\"https:\/\/profilewear.se\/blogg\/julklappar\/\" \/>\n<meta property=\"og:locale\" content=\"sv_SE\" \/>\n<meta property=\"og:type\" content=\"article\" \/>\n<meta property=\"og:title\" content=\"JULKLAPPAR - Profilewear\" \/>\n<meta property=\"og:description\" content=\"Snart \u00e4r det Jul! N\u00e5v\u00e4l om tv\u00e5 m\u00e5nader f\u00f6r att vara mer exakt men tiden g\u00e5r snabbt. Har ni funderingar p\u00e5 julklappar till era anst\u00e4llda?&hellip;\" \/>\n<meta property=\"og:url\" content=\"https:\/\/profilewear.se\/blogg\/julklappar\/\" \/>\n<meta property=\"og:site_name\" content=\"Profilewear\" \/>\n<meta property=\"article:published_time\" content=\"2025-10-24T07:57:55+00:00\" \/>\n<meta property=\"article:modified_time\" content=\"2026-03-31T06:58:23+00:00\" \/>\n<meta property=\"og:image\" content=\"https:\/\/profilewear.se\/blogg\/wp-content\/uploads\/2025\/10\/julklapp-personal2-1.jpg\" \/>\n\t<meta property=\"og:image:width\" content=\"612\" \/>\n\t<meta property=\"og:image:height\" content=\"408\" \/>\n\t<meta property=\"og:image:type\" content=\"image\/jpeg\" \/>\n<meta name=\"author\" content=\"profilewear\" \/>\n<meta name=\"twitter:card\" content=\"summary_large_image\" \/>\n<meta name=\"twitter:label1\" content=\"Written by\" \/>\n\t<meta name=\"twitter:data1\" content=\"profilewear\" \/>\n\t<meta name=\"twitter:label2\" content=\"Est. reading time\" \/>\n\t<meta name=\"twitter:data2\" content=\"1 minut\" \/>\n<script type=\"application\/ld+json\" class=\"yoast-schema-graph\">{\"@context\":\"https:\/\/schema.org\",\"@graph\":[{\"@type\":\"Article\",\"@id\":\"https:\/\/profilewear.se\/blogg\/julklappar\/#article\",\"isPartOf\":{\"@id\":\"https:\/\/profilewear.se\/blogg\/julklappar\/\"},\"author\":{\"name\":\"profilewear\",\"@id\":\"https:\/\/profilewear.se\/blogg\/#\/schema\/person\/2eb5c219c97cbdbe583dc5040688899b\"},\"headline\":\"JULKLAPPAR\",\"datePublished\":\"2025-10-24T07:57:55+00:00\",\"dateModified\":\"2026-03-31T06:58:23+00:00\",\"mainEntityOfPage\":{\"@id\":\"https:\/\/profilewear.se\/blogg\/julklappar\/\"},\"wordCount\":64,\"commentCount\":0,\"image\":{\"@id\":\"https:\/\/profilewear.se\/blogg\/julklappar\/#primaryimage\"},\"thumbnailUrl\":\"https:\/\/profilewear.se\/blogg\/wp-content\/uploads\/2025\/10\/julklapp-personal2-1.jpg\",\"keywords\":[\"egendesign\",\"egettryck\",\"julklapp\"],\"articleSection\":[\"Allm\u00e4nt\"],\"inLanguage\":\"sv-SE\",\"potentialAction\":[{\"@type\":\"CommentAction\",\"name\":\"Comment\",\"target\":[\"https:\/\/profilewear.se\/blogg\/julklappar\/#respond\"]}]},{\"@type\":\"WebPage\",\"@id\":\"https:\/\/profilewear.se\/blogg\/julklappar\/\",\"url\":\"https:\/\/profilewear.se\/blogg\/julklappar\/\",\"name\":\"JULKLAPPAR - Profilewear\",\"isPartOf\":{\"@id\":\"https:\/\/profilewear.se\/blogg\/#website\"},\"primaryImageOfPage\":{\"@id\":\"https:\/\/profilewear.se\/blogg\/julklappar\/#primaryimage\"},\"image\":{\"@id\":\"https:\/\/profilewear.se\/blogg\/julklappar\/#primaryimage\"},\"thumbnailUrl\":\"https:\/\/profilewear.se\/blogg\/wp-content\/uploads\/2025\/10\/julklapp-personal2-1.jpg\",\"datePublished\":\"2025-10-24T07:57:55+00:00\",\"dateModified\":\"2026-03-31T06:58:23+00:00\",\"author\":{\"@id\":\"https:\/\/profilewear.se\/blogg\/#\/schema\/person\/2eb5c219c97cbdbe583dc5040688899b\"},\"breadcrumb\":{\"@id\":\"https:\/\/profilewear.se\/blogg\/julklappar\/#breadcrumb\"},\"inLanguage\":\"sv-SE\",\"potentialAction\":[{\"@type\":\"ReadAction\",\"target\":[\"https:\/\/profilewear.se\/blogg\/julklappar\/\"]}]},{\"@type\":\"ImageObject\",\"inLanguage\":\"sv-SE\",\"@id\":\"https:\/\/profilewear.se\/blogg\/julklappar\/#primaryimage\",\"url\":\"https:\/\/profilewear.se\/blogg\/wp-content\/uploads\/2025\/10\/julklapp-personal2-1.jpg\",\"contentUrl\":\"https:\/\/profilewear.se\/blogg\/wp-content\/uploads\/2025\/10\/julklapp-personal2-1.jpg\",\"width\":612,\"height\":408,\"caption\":\"Santa Claus taping a cardboard delivery box at the distribution warehouse, Christmas and holidays concept\"},{\"@type\":\"BreadcrumbList\",\"@id\":\"https:\/\/profilewear.se\/blogg\/julklappar\/#breadcrumb\",\"itemListElement\":[{\"@type\":\"ListItem\",\"position\":1,\"name\":\"Hem\",\"item\":\"https:\/\/profilewear.se\/blogg\/\"},{\"@type\":\"ListItem\",\"position\":2,\"name\":\"JULKLAPPAR\"}]},{\"@type\":\"WebSite\",\"@id\":\"https:\/\/profilewear.se\/blogg\/#website\",\"url\":\"https:\/\/profilewear.se\/blogg\/\",\"name\":\"Profilewear\",\"description\":\"\",\"potentialAction\":[{\"@type\":\"SearchAction\",\"target\":{\"@type\":\"EntryPoint\",\"urlTemplate\":\"https:\/\/profilewear.se\/blogg\/?s={search_term_string}\"},\"query-input\":{\"@type\":\"PropertyValueSpecification\",\"valueRequired\":true,\"valueName\":\"search_term_string\"}}],\"inLanguage\":\"sv-SE\"},{\"@type\":\"Person\",\"@id\":\"https:\/\/profilewear.se\/blogg\/#\/schema\/person\/2eb5c219c97cbdbe583dc5040688899b\",\"name\":\"profilewear\",\"image\":{\"@type\":\"ImageObject\",\"inLanguage\":\"sv-SE\",\"@id\":\"https:\/\/secure.gravatar.com\/avatar\/450f639694278a1009520c76f4021704820b64589e7dd8d4fd9b4b594d1a0953?s=96&d=mm&r=g\",\"url\":\"https:\/\/secure.gravatar.com\/avatar\/450f639694278a1009520c76f4021704820b64589e7dd8d4fd9b4b594d1a0953?s=96&d=mm&r=g\",\"contentUrl\":\"https:\/\/secure.gravatar.com\/avatar\/450f639694278a1009520c76f4021704820b64589e7dd8d4fd9b4b594d1a0953?s=96&d=mm&r=g\",\"caption\":\"profilewear\"},\"url\":\"https:\/\/profilewear.se\/blogg\/author\/profilewear\/\"}]}<\/script>\n<!-- \/ Yoast SEO plugin. -->","yoast_head_json":{"title":"JULKLAPPAR - Profilewear","robots":{"index":"index","follow":"follow","max-snippet":"max-snippet:-1","max-image-preview":"max-image-preview:large","max-video-preview":"max-video-preview:-1"},"canonical":"https:\/\/profilewear.se\/blogg\/julklappar\/","og_locale":"sv_SE","og_type":"article","og_title":"JULKLAPPAR - Profilewear","og_description":"Snart \u00e4r det Jul! N\u00e5v\u00e4l om tv\u00e5 m\u00e5nader f\u00f6r att vara mer exakt men tiden g\u00e5r snabbt. Har ni funderingar p\u00e5 julklappar till era anst\u00e4llda?&hellip;","og_url":"https:\/\/profilewear.se\/blogg\/julklappar\/","og_site_name":"Profilewear","article_published_time":"2025-10-24T07:57:55+00:00","article_modified_time":"2026-03-31T06:58:23+00:00","og_image":[{"width":612,"height":408,"url":"https:\/\/profilewear.se\/blogg\/wp-content\/uploads\/2025\/10\/julklapp-personal2-1.jpg","type":"image\/jpeg"}],"author":"profilewear","twitter_card":"summary_large_image","twitter_misc":{"Written by":"profilewear","Est. reading time":"1 minut"},"schema":{"@context":"https:\/\/schema.org","@graph":[{"@type":"Article","@id":"https:\/\/profilewear.se\/blogg\/julklappar\/#article","isPartOf":{"@id":"https:\/\/profilewear.se\/blogg\/julklappar\/"},"author":{"name":"profilewear","@id":"https:\/\/profilewear.se\/blogg\/#\/schema\/person\/2eb5c219c97cbdbe583dc5040688899b"},"headline":"JULKLAPPAR","datePublished":"2025-10-24T07:57:55+00:00","dateModified":"2026-03-31T06:58:23+00:00","mainEntityOfPage":{"@id":"https:\/\/profilewear.se\/blogg\/julklappar\/"},"wordCount":64,"commentCount":0,"image":{"@id":"https:\/\/profilewear.se\/blogg\/julklappar\/#primaryimage"},"thumbnailUrl":"https:\/\/profilewear.se\/blogg\/wp-content\/uploads\/2025\/10\/julklapp-personal2-1.jpg","keywords":["egendesign","egettryck","julklapp"],"articleSection":["Allm\u00e4nt"],"inLanguage":"sv-SE","potentialAction":[{"@type":"CommentAction","name":"Comment","target":["https:\/\/profilewear.se\/blogg\/julklappar\/#respond"]}]},{"@type":"WebPage","@id":"https:\/\/profilewear.se\/blogg\/julklappar\/","url":"https:\/\/profilewear.se\/blogg\/julklappar\/","name":"JULKLAPPAR - Profilewear","isPartOf":{"@id":"https:\/\/profilewear.se\/blogg\/#website"},"primaryImageOfPage":{"@id":"https:\/\/profilewear.se\/blogg\/julklappar\/#primaryimage"},"image":{"@id":"https:\/\/profilewear.se\/blogg\/julklappar\/#primaryimage"},"thumbnailUrl":"https:\/\/profilewear.se\/blogg\/wp-content\/uploads\/2025\/10\/julklapp-personal2-1.jpg","datePublished":"2025-10-24T07:57:55+00:00","dateModified":"2026-03-31T06:58:23+00:00","author":{"@id":"https:\/\/profilewear.se\/blogg\/#\/schema\/person\/2eb5c219c97cbdbe583dc5040688899b"},"breadcrumb":{"@id":"https:\/\/profilewear.se\/blogg\/julklappar\/#breadcrumb"},"inLanguage":"sv-SE","potentialAction":[{"@type":"ReadAction","target":["https:\/\/profilewear.se\/blogg\/julklappar\/"]}]},{"@type":"ImageObject","inLanguage":"sv-SE","@id":"https:\/\/profilewear.se\/blogg\/julklappar\/#primaryimage","url":"https:\/\/profilewear.se\/blogg\/wp-content\/uploads\/2025\/10\/julklapp-personal2-1.jpg","contentUrl":"https:\/\/profilewear.se\/blogg\/wp-content\/uploads\/2025\/10\/julklapp-personal2-1.jpg","width":612,"height":408,"caption":"Santa Claus taping a cardboard delivery box at the distribution warehouse, Christmas and holidays concept"},{"@type":"BreadcrumbList","@id":"https:\/\/profilewear.se\/blogg\/julklappar\/#breadcrumb","itemListElement":[{"@type":"ListItem","position":1,"name":"Hem","item":"https:\/\/profilewear.se\/blogg\/"},{"@type":"ListItem","position":2,"name":"JULKLAPPAR"}]},{"@type":"WebSite","@id":"https:\/\/profilewear.se\/blogg\/#website","url":"https:\/\/profilewear.se\/blogg\/","name":"Profilewear","description":"","potentialAction":[{"@type":"SearchAction","target":{"@type":"EntryPoint","urlTemplate":"https:\/\/profilewear.se\/blogg\/?s={search_term_string}"},"query-input":{"@type":"PropertyValueSpecification","valueRequired":true,"valueName":"search_term_string"}}],"inLanguage":"sv-SE"},{"@type":"Person","@id":"https:\/\/profilewear.se\/blogg\/#\/schema\/person\/2eb5c219c97cbdbe583dc5040688899b","name":"profilewear","image":{"@type":"ImageObject","inLanguage":"sv-SE","@id":"https:\/\/secure.gravatar.com\/avatar\/450f639694278a1009520c76f4021704820b64589e7dd8d4fd9b4b594d1a0953?s=96&d=mm&r=g","url":"https:\/\/secure.gravatar.com\/avatar\/450f639694278a1009520c76f4021704820b64589e7dd8d4fd9b4b594d1a0953?s=96&d=mm&r=g","contentUrl":"https:\/\/secure.gravatar.com\/avatar\/450f639694278a1009520c76f4021704820b64589e7dd8d4fd9b4b594d1a0953?s=96&d=mm&r=g","caption":"profilewear"},"url":"https:\/\/profilewear.se\/blogg\/author\/profilewear\/"}]}},"_links":{"self":[{"href":"https:\/\/profilewear.se\/blogg\/wp-json\/wp\/v2\/posts\/997","targetHints":{"allow":["GET"]}}],"collection":[{"href":"https:\/\/profilewear.se\/blogg\/wp-json\/wp\/v2\/posts"}],"about":[{"href":"https:\/\/profilewear.se\/blogg\/wp-json\/wp\/v2\/types\/post"}],"author":[{"embeddable":true,"href":"https:\/\/profilewear.se\/blogg\/wp-json\/wp\/v2\/users\/1"}],"replies":[{"embeddable":true,"href":"https:\/\/profilewear.se\/blogg\/wp-json\/wp\/v2\/comments?post=997"}],"version-history":[{"count":6,"href":"https:\/\/profilewear.se\/blogg\/wp-json\/wp\/v2\/posts\/997\/revisions"}],"predecessor-version":[{"id":1073,"href":"https:\/\/profilewear.se\/blogg\/wp-json\/wp\/v2\/posts\/997\/revisions\/1073"}],"wp:featuredmedia":[{"embeddable":true,"href":"https:\/\/profilewear.se\/blogg\/wp-json\/wp\/v2\/media\/998"}],"wp:attachment":[{"href":"https:\/\/profilewear.se\/blogg\/wp-json\/wp\/v2\/media?parent=997"}],"wp:term":[{"taxonomy":"category","embeddable":true,"href":"https:\/\/profilewear.se\/blogg\/wp-json\/wp\/v2\/categories?post=997"},{"taxonomy":"post_tag","embeddable":true,"href":"https:\/\/profilewear.se\/blogg\/wp-json\/wp\/v2\/tags?post=997"}],"curies":[{"name":"wp","href":"https:\/\/api.w.org\/{rel}","templated":true}]}}